{"id":316,"date":"2023-09-19T11:43:12","date_gmt":"2023-09-19T09:43:12","guid":{"rendered":"https:\/\/www3.poitiers-jeunes.com\/lesexpressifs2023\/?p=316"},"modified":"2023-09-19T11:55:20","modified_gmt":"2023-09-19T09:55:20","slug":"express-cafe","status":"publish","type":"post","link":"https:\/\/www3.poitiers-jeunes.com\/lesexpressifs2023\/2023\/09\/19\/express-cafe\/","title":{"rendered":"Express Caf\u00e9"},"content":{"rendered":"\n<p><strong>Express Caf\u00e9<\/strong><\/p>\n\n\n\n<p><strong>Cr\u00e9er soi-m\u00eame l\u2019identit\u00e9 visuelle de son groupe de musique<\/strong><\/p>\n\n\n\n<figure class=\"wp-block-image size-large is-resized\"><a href=\"https:\/\/www3.poitiers-jeunes.com\/lesexpressifs2023\/files\/2023\/09\/illu_expresscafe-1.jpg\"><img loading=\"lazy\" decoding=\"async\" src=\"https:\/\/www3.poitiers-jeunes.com\/lesexpressifs2023\/files\/2023\/09\/illu_expresscafe-1-855x1024.jpg\" alt=\"\" class=\"wp-image-321\" width=\"430\" height=\"515\" srcset=\"https:\/\/www3.poitiers-jeunes.com\/lesexpressifs2023\/files\/2023\/09\/illu_expresscafe-1-855x1024.jpg 855w, https:\/\/www3.poitiers-jeunes.com\/lesexpressifs2023\/files\/2023\/09\/illu_expresscafe-1-250x300.jpg 250w, https:\/\/www3.poitiers-jeunes.com\/lesexpressifs2023\/files\/2023\/09\/illu_expresscafe-1-768x920.jpg 768w, https:\/\/www3.poitiers-jeunes.com\/lesexpressifs2023\/files\/2023\/09\/illu_expresscafe-1-600x719.jpg 600w, https:\/\/www3.poitiers-jeunes.com\/lesexpressifs2023\/files\/2023\/09\/illu_expresscafe-1-97x116.jpg 97w, https:\/\/www3.poitiers-jeunes.com\/lesexpressifs2023\/files\/2023\/09\/illu_expresscafe-1.jpg 1088w\" sizes=\"auto, (max-width: 430px) 100vw, 430px\" \/><\/a><\/figure>\n\n\n\n<p>Vous avez envie que votre groupe de musique soit reconnaissable en un coup d&rsquo;\u0153il ? Cet atelier a pour objectif de vous aider \u00e0 cr\u00e9er votre identit\u00e9 visuelle et \u00e0 la d\u00e9cliner selon les supports (site internet, YouTube, r\u00e9seaux sociaux, affiches, etc.). Marion Ecalle, directrice de l\u2019agence Kiblos, vous donnera les bonnes pratiques pour r\u00e9aliser vos visuels en autonomie, notamment \u00e0 l\u2019aide de Canva, outil de graphisme en ligne.<\/p>\n\n\n\n<p>Jeudi 5 octobre \u00e0 18h30 \u00e0 Poitiers Jeunes, 49 rue de la cath\u00e9drale, Poitiers.<\/p>\n\n\n\n<p><em><a href=\"https:\/\/forms.gle\/DDiYHJzwbg6fJV5f9\">Inscription en ligne<\/a>,<\/em> places limit\u00e9es.<\/p>\n\n\n\n<p>Organis\u00e9 par Poitiers Jeunes, en pr\u00e9lude au festival <a href=\"https:\/\/www3.poitiers-jeunes.com\/lesexpressifs2023\/\"><em>Les Expressifs.<\/em> <\/a>En partenariat avec le RIM (R\u00e9seau des Ind\u00e9pendants de la musique) et le Confort Moderne.<\/p>\n\n\n\n<p><\/p>\n\n\n\n<p>Illustration : <em><a href=\"https:\/\/www.instagram.com\/bordelmaelle\/\" data-type=\"URL\" data-id=\"https:\/\/www.instagram.com\/bordelmaelle\/\">Ma\u00eblle C<\/a><\/em><\/p>\n","protected":false},"excerpt":{"rendered":"<p>Express Caf\u00e9 Cr\u00e9er soi-m\u00eame l\u2019identit\u00e9 visuelle de son groupe de musique Vous avez envie que votre groupe de musique soit reconnaissable en un coup d&rsquo;\u0153il ? Cet atelier a pour [&hellip;]<\/p>\n","protected":false},"author":1,"featured_media":317,"comment_status":"closed","ping_status":"open","sticky":false,"template":"","format":"standard","meta":{"footnotes":""},"categories":[1],"tags":[],"class_list":["post-316","post","type-post","status-publish","format-standard","has-post-thumbnail","hentry","category-non-classe"],"jetpack_featured_media_url":"https:\/\/www3.poitiers-jeunes.com\/lesexpressifs2023\/files\/2023\/09\/illu_expresscafe.jpg","_links":{"self":[{"href":"https:\/\/www3.poitiers-jeunes.com\/lesexpressifs2023\/wp-json\/wp\/v2\/posts\/316","targetHints":{"allow":["GET"]}}],"collection":[{"href":"https:\/\/www3.poitiers-jeunes.com\/lesexpressifs2023\/wp-json\/wp\/v2\/posts"}],"about":[{"href":"https:\/\/www3.poitiers-jeunes.com\/lesexpressifs2023\/wp-json\/wp\/v2\/types\/post"}],"author":[{"embeddable":true,"href":"https:\/\/www3.poitiers-jeunes.com\/lesexpressifs2023\/wp-json\/wp\/v2\/users\/1"}],"replies":[{"embeddable":true,"href":"https:\/\/www3.poitiers-jeunes.com\/lesexpressifs2023\/wp-json\/wp\/v2\/comments?post=316"}],"version-history":[{"count":3,"href":"https:\/\/www3.poitiers-jeunes.com\/lesexpressifs2023\/wp-json\/wp\/v2\/posts\/316\/revisions"}],"predecessor-version":[{"id":323,"href":"https:\/\/www3.poitiers-jeunes.com\/lesexpressifs2023\/wp-json\/wp\/v2\/posts\/316\/revisions\/323"}],"wp:featuredmedia":[{"embeddable":true,"href":"https:\/\/www3.poitiers-jeunes.com\/lesexpressifs2023\/wp-json\/wp\/v2\/media\/317"}],"wp:attachment":[{"href":"https:\/\/www3.poitiers-jeunes.com\/lesexpressifs2023\/wp-json\/wp\/v2\/media?parent=316"}],"wp:term":[{"taxonomy":"category","embeddable":true,"href":"https:\/\/www3.poitiers-jeunes.com\/lesexpressifs2023\/wp-json\/wp\/v2\/categories?post=316"},{"taxonomy":"post_tag","embeddable":true,"href":"https:\/\/www3.poitiers-jeunes.com\/lesexpressifs2023\/wp-json\/wp\/v2\/tags?post=316"}],"curies":[{"name":"wp","href":"https:\/\/api.w.org\/{rel}","templated":true}]}}